{"id":541,"date":"2016-06-21T09:13:53","date_gmt":"2016-06-21T07:13:53","guid":{"rendered":"https:\/\/dps-dev-de.herrschuessler.de\/?p=541\/"},"modified":"2017-01-06T09:53:35","modified_gmt":"2017-01-06T08:53:35","slug":"aussenminister-steinmeier-und-polnischer-aussenminister-waszczykowski-stellen-neues-deutsch-polnisches-schulbuch-vor","status":"publish","type":"post","link":"https:\/\/europa-unsere-geschichte.org\/?p=541","title":{"rendered":"Au\u00dfenminister Steinmeier und polnischer Au\u00dfenminister Waszczykowski stellen neues deutsch-polnisches Schulbuch vor"},"content":{"rendered":"<h3>PRESSEMITTEILUNG DES <a href=\"https:\/\/www.auswaertiges-amt.de\/DE\/Infoservice\/Presse\/Meldungen\/2016\/160621-DEU-POL_Schulbuch.html\" target=\"_blank\">AUSW\u00c4RTIGEN AMTES<\/a> ANL\u00c4SSLICH DER PR\u00c4SENTATION VON BAND I<\/h3>\n<p>Am Mittwoch, den 22. Juni 2016 stellt Au\u00dfenminister Frank-Walter Steinmeier gemeinsam mit seinem polnischen Amtskollegen Witold Waszczykowski in der Robert-Jungk-Oberschule in Berlin-Wilmersdorf den ersten Band des deutsch-polnischen Schulbuchs &#8222;Europa. Unsere Geschichte&#8220; der \u00d6ffentlichkeit vor.<\/p>\n<p>Deutschland und Polen hatten das Projekt 2008 ins Leben gerufen. Ziel des Schulbuchs ist es, den Blick f\u00fcr Gemeinsamkeiten zu sch\u00e4rfen und Europa aus einer deutschpolnischen Perspektive zu betrachten. Band 1, als Auftakt einer vierb\u00e4ndigen Schulbuchreihe, soll ab dem Schuljahr 2016\/17 im deutschen und polnischen Geschichtsunterricht der Sekundarstufe I in identischer Form, lediglich in unterschiedlichen Sprachfassungen, eingesetzt werden.<\/p>\n","protected":false},"excerpt":{"rendered":"<p>PRESSEMITTEILUNG DES AUSW\u00c4RTIGEN AMTES ANL\u00c4SSLICH DER PR\u00c4SENTATION VON BAND I Am Mittwoch, den 22. Juni 2016 stellt Au\u00dfenminister Frank-Walter Steinmeier gemeinsam mit seinem polnischen Amtskollegen Witold Waszczykowski in der Robert-Jungk-Oberschule in Berlin-Wilmersdorf den ersten Band des deutsch-polnischen Schulbuchs &#8222;Europa. Unsere Geschichte&#8220; der \u00d6ffentlichkeit vor. Deutschland und Polen hatten das Projekt 2008 ins Leben gerufen. Ziel [&hellip;]<\/p>\n","protected":false},"author":2,"featured_media":0,"comment_status":"closed","ping_status":"closed","sticky":false,"template":"","format":"standard","meta":{"_acf_changed":false,"footnotes":""},"categories":[1],"tags":[],"class_list":["post-541","post","type-post","status-publish","format-standard","hentry","category-pressemitteilungen"],"acf":[],"_links":{"self":[{"href":"https:\/\/europa-unsere-geschichte.org\/index.php?rest_route=\/wp\/v2\/posts\/541","targetHints":{"allow":["GET"]}}],"collection":[{"href":"https:\/\/europa-unsere-geschichte.org\/index.php?rest_route=\/wp\/v2\/posts"}],"about":[{"href":"https:\/\/europa-unsere-geschichte.org\/index.php?rest_route=\/wp\/v2\/types\/post"}],"author":[{"embeddable":true,"href":"https:\/\/europa-unsere-geschichte.org\/index.php?rest_route=\/wp\/v2\/users\/2"}],"replies":[{"embeddable":true,"href":"https:\/\/europa-unsere-geschichte.org\/index.php?rest_route=%2Fwp%2Fv2%2Fcomments&post=541"}],"version-history":[{"count":2,"href":"https:\/\/europa-unsere-geschichte.org\/index.php?rest_route=\/wp\/v2\/posts\/541\/revisions"}],"predecessor-version":[{"id":554,"href":"https:\/\/europa-unsere-geschichte.org\/index.php?rest_route=\/wp\/v2\/posts\/541\/revisions\/554"}],"wp:attachment":[{"href":"https:\/\/europa-unsere-geschichte.org\/index.php?rest_route=%2Fwp%2Fv2%2Fmedia&parent=541"}],"wp:term":[{"taxonomy":"category","embeddable":true,"href":"https:\/\/europa-unsere-geschichte.org\/index.php?rest_route=%2Fwp%2Fv2%2Fcategories&post=541"},{"taxonomy":"post_tag","embeddable":true,"href":"https:\/\/europa-unsere-geschichte.org\/index.php?rest_route=%2Fwp%2Fv2%2Ftags&post=541"}],"curies":[{"name":"wp","href":"https:\/\/api.w.org\/{rel}","templated":true}]}}