{"id":1830,"date":"2019-11-18T12:12:17","date_gmt":"2019-11-18T11:12:17","guid":{"rendered":"http:\/\/europa-unsere-geschichte.org\/?p=1830"},"modified":"2024-06-04T16:18:37","modified_gmt":"2024-06-04T14:18:37","slug":"europa-unsere-geschichte-band-3-der-deutsch-polnischen-schulbuchreihe-wird-in-frankfurt-oder-praesentiert","status":"publish","type":"post","link":"https:\/\/europa-unsere-geschichte.org\/?p=1830","title":{"rendered":"\u201eEuropa \u2013 unsere Geschichte\u201c: Band 3 der deutsch-polnischen Schulbuchreihe wird in Frankfurt (Oder) pr\u00e4sentiert"},"content":{"rendered":"<p>PRESSEMITTEILUNG DES MBJS BRANDENBURG ANL\u00c4SSLICH DER PR\u00c4SENTATION VON BAND III<\/p>\n<p>Bildungsministerin Britta Ernst pr\u00e4sentiert am Montag \u2013 gemeinsam mit der Staatssekret\u00e4rin im polnischen Ministerium f\u00fcr Nationale Bildung, Iwona Micha\u0142ek, \u00a0Band 3 der deutsch-polnischen Schulbuchreihe \u201eEuropa \u2013 unsere Geschichte\u201c im Karl-Liebknecht-Gymnasium Frankfurt (Oder).<\/p>\n<p>Band 1 \u201eVon der Ur- und Fr\u00fchgeschichte bis zum Mittelalter\u201c wurde im Juni 2016 der \u00d6ffentlichkeit vorgestellt und steht seitdem f\u00fcr den Einsatz im Geschichtsunterricht in Deutschland und Polen bereit. Band 2 \u201eNeuzeit bis 1815\u201c wurde im September 2017 ver\u00f6ffentlicht, der dritte Band behandelt die Zeit von 1815 bis zum Ende des Ersten Weltkriegs. Der letzte Band 4 ist f\u00fcr 2020 geplant.<\/p>\n<p>Verlegt wird die Schulbuchreihe zur europ\u00e4ischen Geschichte von den Verlagen Eduversum und WSiP, herausgegeben von der Gemeinsamen Deutsch-Polnischen Schulbuchkommission der Kultusministerkonferenz (KMK), in Zusammenarbeit mit dem Georg-Eckert-Institut \u2013 Leibniz-Institut f\u00fcr internationale Schulbuchforschung Braunschweig und dem Zentrum f\u00fcr Historische Forschung Berlin der Polnischen Akademie der Wissenschaften, gef\u00f6rdert durch die Kultusministerkonferenz (KMK), das Ausw\u00e4rtige Amt sowie die Stiftung f\u00fcr deutsch-polnische Zusammenarbeit.<\/p>\n","protected":false},"excerpt":{"rendered":"<p>PRESSEMITTEILUNG DES MBJS BRANDENBURG ANL\u00c4SSLICH DER PR\u00c4SENTATION VON BAND III Bildungsministerin Britta Ernst pr\u00e4sentiert am Montag \u2013 gemeinsam mit der Staatssekret\u00e4rin im polnischen Ministerium f\u00fcr Nationale Bildung, Iwona Micha\u0142ek, \u00a0Band 3 der deutsch-polnischen Schulbuchreihe \u201eEuropa \u2013 unsere Geschichte\u201c im Karl-Liebknecht-Gymnasium Frankfurt (Oder). Band 1 \u201eVon der Ur- und Fr\u00fchgeschichte bis zum Mittelalter\u201c wurde im Juni [&hellip;]<\/p>\n","protected":false},"author":6,"featured_media":0,"comment_status":"closed","ping_status":"closed","sticky":false,"template":"","format":"standard","meta":{"_acf_changed":false,"footnotes":""},"categories":[1],"tags":[],"class_list":["post-1830","post","type-post","status-publish","format-standard","hentry","category-pressemitteilungen"],"acf":[],"_links":{"self":[{"href":"https:\/\/europa-unsere-geschichte.org\/index.php?rest_route=\/wp\/v2\/posts\/1830","targetHints":{"allow":["GET"]}}],"collection":[{"href":"https:\/\/europa-unsere-geschichte.org\/index.php?rest_route=\/wp\/v2\/posts"}],"about":[{"href":"https:\/\/europa-unsere-geschichte.org\/index.php?rest_route=\/wp\/v2\/types\/post"}],"author":[{"embeddable":true,"href":"https:\/\/europa-unsere-geschichte.org\/index.php?rest_route=\/wp\/v2\/users\/6"}],"replies":[{"embeddable":true,"href":"https:\/\/europa-unsere-geschichte.org\/index.php?rest_route=%2Fwp%2Fv2%2Fcomments&post=1830"}],"version-history":[{"count":3,"href":"https:\/\/europa-unsere-geschichte.org\/index.php?rest_route=\/wp\/v2\/posts\/1830\/revisions"}],"predecessor-version":[{"id":2437,"href":"https:\/\/europa-unsere-geschichte.org\/index.php?rest_route=\/wp\/v2\/posts\/1830\/revisions\/2437"}],"wp:attachment":[{"href":"https:\/\/europa-unsere-geschichte.org\/index.php?rest_route=%2Fwp%2Fv2%2Fmedia&parent=1830"}],"wp:term":[{"taxonomy":"category","embeddable":true,"href":"https:\/\/europa-unsere-geschichte.org\/index.php?rest_route=%2Fwp%2Fv2%2Fcategories&post=1830"},{"taxonomy":"post_tag","embeddable":true,"href":"https:\/\/europa-unsere-geschichte.org\/index.php?rest_route=%2Fwp%2Fv2%2Ftags&post=1830"}],"curies":[{"name":"wp","href":"https:\/\/api.w.org\/{rel}","templated":true}]}}